{"id":6780,"count":1,"description":"","link":"https:\/\/longchuathuongxot.vn\/v2\/tag\/video-the-gioi-nhin-tu-vatican-19-25052016-bi-mat-fatima-da-duoc-cong-bo-tron-ven\/","name":"Video: Th\u1ebf Gi\u1edbi Nh\u00ecn T\u1eeb Vatican 19 \u2013 25\/05\/2016: B\u00ed m\u1eadt Fatima \u0111\u00e3 \u0111\u01b0\u1ee3c c\u00f4ng b\u1ed1 tr\u1ecdn v\u1eb9n","slug":"video-the-gioi-nhin-tu-vatican-19-25052016-bi-mat-fatima-da-duoc-cong-bo-tron-ven","taxonomy":"post_tag","meta":[],"_links":{"self":[{"href":"https:\/\/longchuathuongxot.vn\/v2\/wp-json\/wp\/v2\/tags\/6780","targetHints":{"allow":["GET"]}}],"collection":[{"href":"https:\/\/longchuathuongxot.vn\/v2\/wp-json\/wp\/v2\/tags"}],"about":[{"href":"https:\/\/longchuathuongxot.vn\/v2\/wp-json\/wp\/v2\/taxonomies\/post_tag"}],"wp:post_type":[{"href":"https:\/\/longchuathuongxot.vn\/v2\/wp-json\/wp\/v2\/posts?tags=6780"}],"curies":[{"name":"wp","href":"https:\/\/api.w.org\/{rel}","templated":true}]}}