{"id":42007,"date":"2018-05-12T12:37:56","date_gmt":"2018-05-12T12:37:56","guid":{"rendered":"https:\/\/longchuathuongxot.vn\/v2\/?p=42007"},"modified":"2018-05-12T13:00:37","modified_gmt":"2018-05-12T13:00:37","slug":"xin-dung-goi-duc-gioan-xxiii-la-giao-hoang-tot-lanh-nua","status":"publish","type":"post","link":"https:\/\/longchuathuongxot.vn\/v2\/xin-dung-goi-duc-gioan-xxiii-la-giao-hoang-tot-lanh-nua\/","title":{"rendered":"Xin \u0111\u1eebng g\u1ecdi \u0110\u1ee9c Gioan XXIII l\u00e0 \u2018Gi\u00e1o ho\u00e0ng t\u1ed1t l\u00e0nh\u2019 n\u1eefa!"},"content":{"rendered":"<p style=\"text-align: justify\"><span style=\"font-family: tahoma, arial, helvetica, sans-serif;font-size: 14pt\"><em><img loading=\"lazy\" decoding=\"async\" class=\"size-full wp-image-42008 alignleft\" src=\"https:\/\/longchuathuongxot.vn\/v2\/wp-content\/uploads\/2018\/05\/5-12-2018-7-34-51-PM.png\" alt=\"5-12-2018 7-34-51 PM\" width=\"277\" height=\"154\" \/>Ng\u00e0i ch\u1ec9 mu\u1ed1n l\u00e0 m\u1ed9t linh m\u1ee5c b\u00ecnh th\u01b0\u1eddng nh\u01b0ng ng\u00e0i \u0111\u00e3 thay \u0111\u1ed5i b\u1ed9 m\u1eb7t th\u1ebf gi\u1edbi!<\/em><\/span><\/p>\n<p style=\"text-align: justify\"><span style=\"font-family: tahoma, arial, helvetica, sans-serif;font-size: 14pt\">Radio Vatican, 9-4-2014<\/span><\/p>\n<p style=\"text-align: justify\"><span style=\"font-family: tahoma, arial, helvetica, sans-serif;font-size: 14pt\">\u00abXin anh ch\u1ecb em \u0111\u1eebng g\u1ecdi \u0110\u1ee9c Gioan XXIII l\u00e0 \u2018gi\u00e1o ho\u00e0ng t\u1ed1t l\u00e0nh\u2019 n\u1eefa: \u0111\u00e3 50 n\u0103m nay t\u00f4i \u0111\u1ea5u tranh \u0111\u1ec3 \u0111\u1eebng ai g\u1ecdi nh\u01b0 th\u1ebf n\u1eefa.\u00bb H\u1ed3ng y Loris Capovilla, th\u01b0 k\u00fd ri\u00eang c\u1ee7a \u0110\u1ee9c Gioan XXIII, trong m\u1ed9t cu\u1ed9c ph\u1ecfng v\u1ea5n d\u00e0nh cho m\u1ed9t t\u1edd b\u00e1o t\u00f4n gi\u00e1o \u0111\u00e3 n\u00f3i nh\u01b0 tr\u00ean, ch\u1ec9 c\u00f2n m\u1ed9t th\u1eddi gian ng\u1eafn n\u1eefa l\u00e0 \u0111\u1ebfn l\u1ec5 phong th\u00e1nh cho hai gi\u00e1o ho\u00e0ng, \u0110\u1ee9c Gioan XXIII v\u00e0 \u0110\u1ee9c Gioan-Phaol\u00f4 II ng\u00e0y 27-4 s\u1eafp t\u1edbi \u1edf Qu\u1ea3ng tr\u01b0\u1eddng Th\u00e1nh Ph\u00ear\u00f4.<\/span><\/p>\n<p style=\"text-align: justify\"><span style=\"font-family: tahoma, arial, helvetica, sans-serif;font-size: 14pt\">Gi\u00e1m m\u1ee5c Capoville v\u1eeba \u0111\u01b0\u1ee3c \u0110\u1ee9c Phanxic\u00f4 phong ch\u1ee9c h\u1ed3ng y n\u00f3i: \u00abCh\u1eef \u2018Gi\u00e1o ho\u00e0ng t\u1ed1t l\u00e0nh\u2019 \u0111\u00e3 \u0111\u01b0\u1ee3c b\u00e1o ch\u00ed d\u00f9ng sai, nh\u01b0 th\u1eed l\u00e0m cho ng\u00e0i ng\u01b0\u1ee3c v\u1edbi v\u1ecb ti\u1ec1n nhi\u1ec7m c\u0169ng nh\u01b0 v\u1ecb k\u1ebf nhi\u1ec7m l\u00e0 c\u00e1c Gi\u00e1o ho\u00e0ng Pi\u00f4 XII v\u00e0 Phaol\u00f4 VI l\u00e0 gi\u00e1o ho\u00e0ng \u2018d\u1eef\u2019, h\u1ecd kh\u00f4ng d\u1eef ch\u00fat n\u00e0o!\u00bb<strong>\u00a0<\/strong><\/span><\/p>\n<p style=\"text-align: justify\"><span style=\"font-family: tahoma, arial, helvetica, sans-serif;font-size: 14pt\"><strong>Ngu\u1ed3n g\u1ed1c c\u1ee7a c\u1ee5m t\u1eeb \u2018gi\u00e1o ho\u00e0ng t\u1ed1t l\u00e0nh\u2019<\/strong><\/span><\/p>\n<p style=\"text-align: justify\"><span style=\"font-family: tahoma, arial, helvetica, sans-serif;font-size: 14pt\">H\u1ed3ng y Loris Capovilla nh\u1eafc l\u1ea1i ngu\u1ed3n g\u1ed1c t\u00ean \u2018gi\u00e1o ho\u00e0ng t\u1ed1t l\u00e0nh\u2019 c\u1ee7a \u0110\u1ee9c Angelo Giuseppe Roncalli. Kh\u00f4ng ph\u1ea3i do b\u00e1o ch\u00ed \u0111\u1eb7t m\u00e0 do gi\u00e1o d\u00e2n R\u00f4ma \u0111\u1eb7t. \u0110\u00f3 l\u00e0 ng\u00e0y 7-3-1963, nh\u00e2n d\u1ecbp ng\u00e0i \u0111\u1ebfn th\u0103m gi\u00e1o x\u1ee9 San Tarcisio \u1edf khu v\u1ef1c \u2018Quarto miglio\u2019, v\u00f9ng ngo\u1ea1i bi\u00ean ph\u00eda nam La M\u00e3. L\u00fac \u0111\u00f3 \u0111ang m\u00f9a b\u1ea7u c\u1eed v\u00e0 c\u00e1c gi\u00e1o d\u00e2n \u0111\u01b0\u1ee3c s\u1ef1 \u0111\u1ed3ng \u00fd c\u1ee7a nh\u1eefng v\u1ecb c\u00f3 tr\u00e1ch nhi\u1ec7m trong c\u00e1c \u0111\u1ea3ng tranh c\u1eed cho ph\u00e9p treo c\u00e1c b\u0103ng v\u1ea3i tr\u1eafng mang ch\u1eef \u2018Hoan h\u00f4 Gi\u00e1o ho\u00e0ng t\u1ed1t l\u00e0nh!\u2019. T\u1eeb cu\u1ed9c vi\u1ebfng th\u0103m n\u00e0y, t\u00ean Gi\u00e1o ho\u00e0ng t\u1ed1t l\u00e0nh \u0111\u00e3 \u0111i theo ng\u00e0i lu\u00f4n.<\/span><\/p>\n<p style=\"text-align: justify\"><span style=\"font-family: tahoma, arial, helvetica, sans-serif;font-size: 14pt\">H\u1ed3ng y Capovilla n\u00f3i ti\u1ebfp: \u201cT\u00f4i kh\u00f3c v\u00e0 r\u1ea5t x\u00fac \u0111\u1ed9ng m\u1ed7i l\u1ea7n ngh\u0129 \u0111\u1ebfn c\u1ea3m t\u00ecnh c\u1ee7a ng\u01b0\u1eddi d\u00e2n La M\u00e3 \u0111\u1ed1i v\u1edbi\u00a0 \u0110\u1ee9c Gioan XXIII. Nh\u01b0ng b\u00e1o ch\u00ed, nh\u1ea5t l\u00e0 b\u00e1o c\u00e1nh h\u1eefu \u0111\u00e3 d\u00f9ng ch\u1eef n\u00e0y \u0111\u1ec3 \u2018h\u00e0nh h\u1ea1\u2019 gi\u00e1o tri\u1ec1u c\u1ee7a ng\u00e0i. Nh\u01b0ng ch\u00fang t\u00f4i bi\u1ebft, ng\u00e0i r\u1ea5t quan tr\u1ecdng \u0111\u1ed1i v\u1edbi Gi\u00e1o h\u1ed9i, \u0111\u1ed1i v\u1edbi th\u1ebf gi\u1edbi, qua C\u00f4ng \u0111\u1ed3ng Vatican\u00f4 II, qua \u0111\u1ea5u tranh v\u00ec h\u00f2a b\u00ecnh v\u00e0 qua c\u00e1ch s\u1ed1ng c\u1ee7a ng\u00e0i.\u201d H\u1ed3ng y n\u00f3i th\u00eam, \u201c\u0110\u1ee9c Phanxic\u00f4 c\u0169ng r\u1ea5t g\u1ea7n v\u1edbi gi\u00e1o d\u00e2n, c\u0169ng m\u1ed9t phong c\u00e1ch nh\u01b0 \u0110\u1ee9c Gioan XXIII.\u201d<\/span><\/p>\n<p style=\"text-align: right\"><span style=\"font-family: tahoma, arial, helvetica, sans-serif;font-size: 12pt\"><em><strong>Giuse Nguy\u1ec5n T\u00f9ng L\u00e2m<\/strong> d\u1ecbch<\/em><\/span><\/p>\n<p style=\"text-align: right\"><span style=\"font-family: tahoma, arial, helvetica, sans-serif;font-size: 12pt\"><strong>Ngu\u1ed3n: Phanxicovn<\/strong><\/span><\/p>\n","protected":false},"excerpt":{"rendered":"<p>Ng\u00e0i ch\u1ec9 mu\u1ed1n l\u00e0 m\u1ed9t linh m\u1ee5c b\u00ecnh th\u01b0\u1eddng nh\u01b0ng ng\u00e0i \u0111\u00e3 thay \u0111\u1ed5i b\u1ed9 m\u1eb7t th\u1ebf gi\u1edbi! Radio Vatican, 9-4-2014 \u00abXin anh ch\u1ecb em \u0111\u1eebng g\u1ecdi \u0110\u1ee9c Gioan XXIII l\u00e0 \u2018gi\u00e1o ho\u00e0ng t\u1ed1t l\u00e0nh\u2019 n\u1eefa: \u0111\u00e3 50 n\u0103m nay t\u00f4i \u0111\u1ea5u tranh \u0111\u1ec3 \u0111\u1eebng ai g\u1ecdi nh\u01b0 th\u1ebf n\u1eefa.\u00bb H\u1ed3ng y Loris Capovilla, th\u01b0 &hellip;<\/p>\n","protected":false},"author":5,"featured_media":42008,"comment_status":"closed","ping_status":"open","sticky":false,"template":"","format":"standard","meta":{"footnotes":""},"categories":[11,19],"tags":[],"class_list":["post-42007","post","type-post","status-publish","format-standard","has-post-thumbnail","hentry","category-chia-se","category-tieu-diem"],"_links":{"self":[{"href":"https:\/\/longchuathuongxot.vn\/v2\/wp-json\/wp\/v2\/posts\/42007","targetHints":{"allow":["GET"]}}],"collection":[{"href":"https:\/\/longchuathuongxot.vn\/v2\/wp-json\/wp\/v2\/posts"}],"about":[{"href":"https:\/\/longchuathuongxot.vn\/v2\/wp-json\/wp\/v2\/types\/post"}],"author":[{"embeddable":true,"href":"https:\/\/longchuathuongxot.vn\/v2\/wp-json\/wp\/v2\/users\/5"}],"replies":[{"embeddable":true,"href":"https:\/\/longchuathuongxot.vn\/v2\/wp-json\/wp\/v2\/comments?post=42007"}],"version-history":[{"count":3,"href":"https:\/\/longchuathuongxot.vn\/v2\/wp-json\/wp\/v2\/posts\/42007\/revisions"}],"predecessor-version":[{"id":42011,"href":"https:\/\/longchuathuongxot.vn\/v2\/wp-json\/wp\/v2\/posts\/42007\/revisions\/42011"}],"wp:featuredmedia":[{"embeddable":true,"href":"https:\/\/longchuathuongxot.vn\/v2\/wp-json\/wp\/v2\/media\/42008"}],"wp:attachment":[{"href":"https:\/\/longchuathuongxot.vn\/v2\/wp-json\/wp\/v2\/media?parent=42007"}],"wp:term":[{"taxonomy":"category","embeddable":true,"href":"https:\/\/longchuathuongxot.vn\/v2\/wp-json\/wp\/v2\/categories?post=42007"},{"taxonomy":"post_tag","embeddable":true,"href":"https:\/\/longchuathuongxot.vn\/v2\/wp-json\/wp\/v2\/tags?post=42007"}],"curies":[{"name":"wp","href":"https:\/\/api.w.org\/{rel}","templated":true}]}}