{"id":36952,"date":"2017-09-09T13:49:43","date_gmt":"2017-09-09T13:49:43","guid":{"rendered":"https:\/\/longchuathuongxot.vn\/v2\/?p=36952"},"modified":"2017-09-09T13:52:43","modified_gmt":"2017-09-09T13:52:43","slug":"duc-thanh-cha-ton-phong-2-chan-phuoc-tu-dao-colombia","status":"publish","type":"post","link":"https:\/\/longchuathuongxot.vn\/v2\/duc-thanh-cha-ton-phong-2-chan-phuoc-tu-dao-colombia\/","title":{"rendered":"\u0110\u1ee9c Th\u00e1nh Cha t\u00f4n phong 2 ch\u00e2n ph\u01b0\u1edbc t\u1eed \u0111\u1ea1o\u00a0Colombia"},"content":{"rendered":"<h1 id=\"titolo\" style=\"text-align: justify\"><\/h1>\n<div class=\"wrap-img-foglia\" style=\"text-align: justify\"><span style=\"font-size: 14pt;font-family: tahoma, arial, helvetica, sans-serif\"><img decoding=\"async\" class=\"img-art-foglia aligncenter\" src=\"http:\/\/media02.radiovaticana.va\/photo\/2017\/09\/09\/2000062_Articolo.jpg\" alt=\"\" \/><\/span><\/div>\n<article class=\"first-par\">\n<p style=\"text-align: justify\"><span style=\"font-size: 14pt;font-family: tahoma, arial, helvetica, sans-serif\"><strong>VILLAVICENCIO<\/strong>. S\u00e1ng 8-9-2017, tr\u01b0\u1edbc s\u1ef1 hi\u1ec7n di\u1ec7n c\u1ee7a 400 ng\u00e0n t\u00edn h\u1eefu, \u0110TC Phanxic\u00f4 \u0111\u00e3 t\u00f4n phong hai v\u1ecb t\u1eed \u0111\u1ea1o ng\u01b0\u1eddi\u00a0<a href=\"http:\/\/vi.radiovaticana.va\/news\/2017\/09\/09\/%C4%91%E1%BB%A9c_th%C3%A1nh_cha_t%C3%B4n_phong_2_ch%C3%A2n_ph%C6%B0%E1%BB%9Bc_t%E1%BB%AD_%C4%91%E1%BA%A1o_colombia\/1335662#\">Colombia<\/a>\u00a0l\u00ean b\u1eadc ch\u00e2n ph\u01b0\u1edbc.<\/span><\/p>\n<p style=\"text-align: justify\"><span style=\"font-size: 14pt;font-family: tahoma, arial, helvetica, sans-serif\">\u00a0\u0110\u00f3 l\u00e0 \u0110\u1ee9c Cha Jes\u00fas Emilio Jaramillo Monsalve, b\u1ecb s\u00e1t h\u1ea1i c\u00e1ch \u0111\u00e2y 28 n\u0103m (1989) v\u00e0 cha Pedro Mar\u00eda Ram\u00edrez Ramos, b\u1ecb s\u00e1t h\u1ea1i c\u00e1ch \u0111\u00e2y 69 n\u0103m (1948).<\/span><\/p>\n<p style=\"text-align: justify\"><span style=\"font-size: 14pt;font-family: tahoma, arial, helvetica, sans-serif\">\u00a0\u0110TC \u0111\u00e3 t\u1eeb Bogot\u00e0 bay \u0111\u1ebfn phi tr\u01b0\u1eddng qu\u00e2n s\u1ef1 c\u1ee7a th\u00e0nh Villavicencio c\u00e1ch \u0111\u00f3 94 c\u00e2y s\u1ed1 v\u1ec1 h\u01b0\u1edbng \u0111\u00f4ng nam v\u00e0 \u1edf cao \u0111\u1ed9 460. Kh\u00ed h\u1eadu \u1edf \u0111\u00e2y r\u1ea5t \u1ea9m th\u1ea5p v\u00e0 n\u00f3ng, nh\u1ea5t l\u00e0 \u0111\u1ed1i v\u1edbi nh\u1eefng ng\u01b0\u1eddi t\u1eeb Bogot\u00e0 \u1edf cao \u0111\u1ed9 2640 m\u00e9t \u0111\u1ebfn \u0111\u00e2y.<\/span><\/p>\n<p style=\"text-align: justify\"><span style=\"font-size: 14pt;font-family: tahoma, arial, helvetica, sans-serif\">\u00a0Trong s\u1ed1 c\u00e1c t\u00edn h\u1eefu hi\u1ec7n di\u1ec7n, c\u0169ng c\u00f3 nhi\u1ec1u t\u00edn h\u1eefu \u0111\u1ebfn t\u1eeb c\u00e1c v\u00f9ng r\u1ed9ng l\u1edbn Llanos v\u00e0 c\u00e1c l\u00e0ng c\u1ee7a 112 b\u1ed9 l\u1ea1c th\u1ed5 d\u00e2n, c\u0169ng nh\u01b0 c\u00e1c n\u1ea1n nh\u00e2n b\u1ecb b\u1ea1o l\u1ef1c. H\u1ecd ch\u00e0o \u0111\u00f3n ng\u00e0i v\u1edbi c\u00e1c \u0111i\u1ec7u v\u0169 v\u00e0 nh\u1eefng b\u00e0i ca. \u0110\u1ea1i di\u1ec7n m\u1ed9t s\u1ed1 th\u1ed5 d\u00e2n \u0111\u00f3, trong c\u00e1c y ph\u1ee5c truy\u1ec1n th\u1ed1ng, \u0111\u00e3 \u0111\u01b0\u1ee3c \u0110TC ch\u00e0o th\u0103m \u0111\u1eb7c bi\u1ec7t \u0111\u1ea7u th\u00e1nh l\u1ec5 tr\u00ean l\u1ec5 \u0111\u00e0i. C\u00f3 th\u1ed5 d\u00e2n m\u00ecnh tr\u1ea7n t\u1eb7ng cho ng\u00e0i m\u1ed9t chi\u1ebfc lao c\u1ee7a h\u1ecd. C\u00f3 ng\u01b0\u1eddi kh\u00e1c t\u1eb7ng cho ng\u00e0i v\u00f2ng \u0111eo c\u1ed5 c\u1ee7a ng\u01b0\u1eddi th\u1ed5 \u0111\u1ecba.<\/span><\/p>\n<p style=\"text-align: justify\"><span style=\"font-size: 14pt;font-family: tahoma, arial, helvetica, sans-serif\">\u00a0L\u00fac 9 gi\u1edd r\u01b0\u1ee1i s\u00e1ng gi\u1edd \u0111\u1ecba ph\u01b0\u01a1ng, \u0110TC b\u1eaft \u0111\u1ea7u th\u00e1nh l\u1ec5 m\u1eebng k\u00ednh Sinh Nh\u1eadt \u0110\u1ee9c M\u1eb9, \u0111\u1eb7c bi\u1ec7t l\u00e0 nghi th\u1ee9c t\u00f4n phong ch\u00e2n ph\u01b0\u1edbc cho 2 v\u1ecb t\u1eed \u0111\u1ea1o.<\/span><\/p>\n<p style=\"text-align: justify\"><span style=\"font-size: 14pt;font-family: tahoma, arial, helvetica, sans-serif\">\u00a0\u0110\u1ea7u th\u00e1nh l\u1ec5 \u0111\u00e3 di\u1ec5n ra nghi th\u1ee9c phong ch\u00e2n ph\u01b0\u1edbc. Ti\u1ec3u s\u1eed t\u00f3m t\u1eaft c\u1ee7a hai v\u1ecb ch\u00e2n ph\u01b0\u1edbc \u0111\u01b0\u1ee3c x\u01b0\u1edbng l\u00ean.<\/span><\/p>\n<p style=\"text-align: justify\"><span style=\"font-size: 14pt;font-family: tahoma, arial, helvetica, sans-serif\">\u00a0<strong>Ti\u1ec3u s\u1eed hai ch\u00e2n ph\u01b0\u1edbc t\u1eed \u0111\u1ea1o<\/strong><\/span><\/p>\n<p style=\"text-align: justify\"><span style=\"font-size: 14pt;font-family: tahoma, arial, helvetica, sans-serif\">\u00a0&#8211; Tr\u01b0\u1edbc ti\u00ean l\u00e0\u00a0<strong>\u0110\u1ee9c GM Jaramillo Monsalve<\/strong>. Ng\u00e0i sinh ng\u00e0y 16 th\u00e1ng 2 n\u0103m 1916 t\u1ea1i Santo Domingo\u00a0<a href=\"http:\/\/vi.radiovaticana.va\/news\/2017\/09\/09\/%C4%91%E1%BB%A9c_th%C3%A1nh_cha_t%C3%B4n_phong_2_ch%C3%A2n_ph%C6%B0%E1%BB%9Bc_t%E1%BB%AD_%C4%91%E1%BA%A1o_colombia\/1335662#\">Colombia<\/a>, gia nh\u1eadp H\u1ed9i Truy\u1ec1n gi\u00e1o h\u1ea3i ngo\u1ea1i Yarumal v\u00e0 th\u1ee5 phong linh m\u1ee5c ng\u00e0y 1 th\u00e1ng 9 n\u0103m 1940 l\u00fac m\u1edbi \u0111\u01b0\u1ee3c 24 tu\u1ed5i. Cha l\u1ea7n l\u01b0\u1ee3t \u0111\u1ea3m nh\u1eadn c\u00e1c ch\u1ee9c v\u1ee5: gi\u00e1o s\u01b0, linh h\u01b0\u1edbng ch\u1ee7ng vi\u1ec7n, gi\u00e1o t\u1eadp, gi\u00e1m \u0111\u1ed1c ch\u1ee7ng vi\u1ec7n, ph\u1ee5 t\u00e1 B\u1ec1 tr\u00ean T\u1ed5ng quy\u1ec1n, Cha s\u1edf nh\u00e0 th\u1edd ch\u00ednh t\u00f2a Buenaventura, B\u1ec1 tr\u00ean T\u1ed5ng quy\u1ec1n, \u0111\u1eb7c \u1ee7y to\u00e0n qu\u1ed1c\u00a0<a href=\"http:\/\/vi.radiovaticana.va\/news\/2017\/09\/09\/%C4%91%E1%BB%A9c_th%C3%A1nh_cha_t%C3%B4n_phong_2_ch%C3%A2n_ph%C6%B0%E1%BB%9Bc_t%E1%BB%AD_%C4%91%E1%BA%A1o_colombia\/1335662#\">Colombia<\/a>\u00a0v\u1ec1 T\u00f4ng \u0111\u1ed3 gi\u00e1o d\u00e2n.<\/span><\/p>\n<p style=\"text-align: justify\"><span style=\"font-size: 14pt;font-family: tahoma, arial, helvetica, sans-serif\">\u00a0Ng\u00e0y 11-11 n\u0103m 1970, l\u00fac 54 tu\u1ed5i, Cha \u0111\u01b0\u1ee3c \u0110GH Phaol\u00f4 6 b\u1ed5 nhi\u1ec7m l\u00e0m \u0110\u1ea1i di\u1ec7n T\u00f4ng T\u00f2a \u1edf Arauca v\u00e0 sau n\u00e0y ng\u00e0i tr\u1edf th\u00e0nh GM ch\u00ednh t\u00f2a ti\u00ean kh\u1edfi t\u1ea1i \u0111\u00e2y khi h\u1ea1t \u0111\u1ea1i di\u1ec7n n\u00e0y \u0111\u01b0\u1ee3c n\u00e2ng l\u00ean h\u00e0ng gi\u00e1o ph\u1eadn.<\/span><\/p>\n<p style=\"text-align: justify\"><span style=\"font-size: 14pt;font-family: tahoma, arial, helvetica, sans-serif\">\u00a0\u0110\u1ee9c Cha Jaramillo Monsalve n\u1ed5i b\u1eadt v\u1ec1 c\u00e1c ho\u1ea1t \u0111\u1ed9ng b\u00eanh v\u1ef1c c\u00e1c quy\u1ec1n c\u1ee7a d\u00e2n ngh\u00e8o kh\u00f4ng c\u00f3 ti\u1ebfng n\u00f3i. Ng\u00e0i x\u00e1c t\u00edn r\u1eb1ng m\u1ecdi ng\u01b0\u1eddi \u0111\u1ec1u c\u00f3 quy\u1ec1n c\u00f3 ti\u1ebfng n\u00f3i. \u0110\u1ee9c Cha c\u0169ng l\u00e0 m\u1ed9t m\u1ee5c t\u1eed quan t\u00e2m s\u0103n s\u00f3c c\u00e1c nhu c\u1ea7u tinh th\u1ea7n c\u1ee7a \u0111o\u00e0n chi\u00ean v\u00e0 d\u1ea5n th\u00e2n ch\u1ed1ng l\u1ea1i nh\u1eefng b\u1ea5t c\u00f4ng x\u00e3 h\u1ed9i. \u0110\u1ee9c Cha Jaramillo b\u1ecb phi\u1ebfn qu\u00e2n t\u1ea3 ph\u00e1i Qu\u00e2n \u0111\u1ed9i gi\u1ea3i ph\u00f3ng qu\u1ed1c gia, g\u1ecdi t\u1eaft l\u00e0 ELN, b\u1eaft c\u00f3c, tra t\u1ea5n v\u00e0 s\u00e1t h\u1ea1i ng\u00e0y 3 th\u00e1ng 10 n\u0103m 1989 c\u00f9ng v\u1edbi linh m\u1ee5c Jos\u00e9 Munos Pareja. L\u00fac \u0111\u00f3 \u0110\u1ee9c Cha \u0111\u01b0\u1ee3c 73 tu\u1ed5i. L\u1ef1c l\u01b0\u1ee3ng du k\u00edch ELN do linh m\u1ee5c Manuel P\u00e9rez ng\u01b0\u1eddi T\u00e2y Ban Nha th\u00e0nh l\u1eadp v\u00e0 theo ch\u1ee7 thuy\u1ebft m\u00e1c x\u00edt. C\u00f3 m\u1ed9t s\u1ed1 LM c\u0169ng gia nh\u1eadp t\u1ed5 ch\u1ee9c n\u00e0y.<\/span><\/p>\n<p style=\"text-align: justify\"><span style=\"font-size: 14pt;font-family: tahoma, arial, helvetica, sans-serif\">\u00a0&#8211; V\u1ecb t\u1eed \u0111\u1ea1o th\u1ee9 hai \u0111\u01b0\u1ee3c \u0110TC phong ch\u00e2n ph\u01b0\u1edbc t\u1ea1i\u00a0<a href=\"http:\/\/vi.radiovaticana.va\/news\/2017\/09\/09\/%C4%91%E1%BB%A9c_th%C3%A1nh_cha_t%C3%B4n_phong_2_ch%C3%A2n_ph%C6%B0%E1%BB%9Bc_t%E1%BB%AD_%C4%91%E1%BA%A1o_colombia\/1335662#\">Colombia<\/a>\u00a0l\u00e0\u00a0<strong>Cha Pedro Maria Ram\u00edrez Ramos<\/strong>\u00a0(1899-1948), b\u1ecb gi\u1ebft v\u00ec s\u1ef1 o\u00e1n gh\u00e9t \u0111\u1ee9c tin, t\u1ea1i Armero, t\u1ec9nh Tolima.<\/span><\/p>\n<p style=\"text-align: justify\"><span style=\"font-size: 14pt;font-family: tahoma, arial, helvetica, sans-serif\">\u00a0Cha sinh t\u1ea1i th\u00e0nh ph\u1ed1 Huila,\u00a0<a href=\"http:\/\/vi.radiovaticana.va\/news\/2017\/09\/09\/%C4%91%E1%BB%A9c_th%C3%A1nh_cha_t%C3%B4n_phong_2_ch%C3%A2n_ph%C6%B0%E1%BB%9Bc_t%E1%BB%AD_%C4%91%E1%BA%A1o_colombia\/1335662#\">Colombia<\/a>\u00a0ng\u00e0y 23-10-1899 v\u00e0 gia nh\u1eadp ch\u1ee7ng vi\u1ec7n Garz\u00f3n n\u0103m l\u00ean 16 tu\u1ed5i, nh\u01b0ng r\u1eddi ch\u1ee7ng vi\u1ec7n n\u00e0y n\u0103m 21 tu\u1ed5i (1020) v\u00e0 \u0111\u01b0\u1ee3c \u0111\u00f3n nh\u1eadn v\u00e0o ch\u1ee7ng vi\u1ec7n Ibagu\u00e9 8 n\u0103m sau \u0111\u00f3, r\u1ed3i th\u1ee5 phong linh m\u1ee5c n\u0103m 1931. Cha l\u1ea7n l\u01b0\u1ee3t l\u00e0m cha s\u1edf \u1edf Chaparral (1931), r\u1ed3i Cunday (1934) v\u00e0 Fresno (1943). N\u0103m 1948, cha chuy\u1ec3n v\u1ec1 l\u00e0m cha s\u1edf \u1edf Armero-Tolima.<\/span><\/p>\n<p style=\"text-align: justify\"><span style=\"font-size: 14pt;font-family: tahoma, arial, helvetica, sans-serif\">\u00a0Ng\u00e0y 9 th\u00e1ng 4 n\u0103m 1948, Cha Pedro \u0111\u1ebfn nh\u00e0 th\u01b0\u01a1ng \u0111\u1ecba ph\u01b0\u01a1ng \u0111\u1ec3 vi\u1ebfng th\u0103m m\u1ed9t b\u1ec7nh nh\u00e2n, th\u00ec c\u00f3 nh\u1eefng tin t\u1ee9c t\u1eeb th\u1ee7 \u0111\u00f4 Bogot\u00e0 truy\u1ec1n t\u1edbi v\u1ec1 v\u1ee5 \u1ee9ng vi\u00ean t\u1ed5ng th\u1ed1ng c\u1ee7a \u0111\u1ea3ng c\u1ea5p ti\u1ebfn, \u00d4ng Padro Eliecer Gait\u00e1n, b\u1ecb gi\u1ebft. M\u1ed9t l\u00e0n s\u00f3ng b\u1ea1o l\u1ef1c kinh kh\u1ee7ng b\u00f9ng n\u1ed5 tr\u00ean to\u00e0n\u00a0<a href=\"http:\/\/vi.radiovaticana.va\/news\/2017\/09\/09\/%C4%91%E1%BB%A9c_th%C3%A1nh_cha_t%C3%B4n_phong_2_ch%C3%A2n_ph%C6%B0%E1%BB%9Bc_t%E1%BB%AD_%C4%91%E1%BA%A1o_colombia\/1335662#\">Colombia<\/a>\u00a0v\u00e0 ch\u00ednh cha Pedro c\u0169ng ph\u1ea3i tr\u1ea3 gi\u00e1. Nh\u1eefng ng\u01b0\u1eddi \u1ee7ng h\u1ed9 \u00f4ng Gait\u00e1n v\u00e0 nh\u1eefng ng\u01b0\u1eddi theo phe t\u1ed5ng th\u1ed1ng Mariano Ospina P\u00e9rez (1946-1950) ch\u1ed1ng \u0111\u1ed1i v\u00e0 xung \u0111\u1ed9t nhau.<\/span><\/p>\n<p style=\"text-align: justify\"><span style=\"font-size: 14pt;font-family: tahoma, arial, helvetica, sans-serif\">\u00a0T\u1ea1i Armero-Tolima, c\u00e1c nh\u00f3m g\u00e2y r\u1ed1i t\u00ecm c\u00e1ch t\u1ea5n c\u00f4ng cha Pedro v\u00ec h\u1ecd cho r\u1eb1ng cha thu\u1ed9c nh\u1eefng nh\u00f3m b\u1ea3o th\u1ee7, nh\u01b0ng cha ch\u1ea1y \u0111\u01b0\u1ee3c v\u00e0o nh\u00e0 th\u1edd c\u1ee7a c\u00e1c n\u1eef tu d\u00f2ng \u0110\u1ee9c M\u1eb9 chu\u1ed9c k\u1ebb l\u00e0m t\u00f4i Th\u00e1nh Th\u1ec3. M\u1ed9t v\u00e0i gia \u0111\u00ecnh mu\u1ed1n gi\u00fap cha ch\u1ea1y tr\u1ed1n ban \u0111\u00eam ra kh\u1ecfi l\u00e0ng nh\u01b0ng cha quy\u1ebft li\u1ec7t t\u1eeb ch\u1ed1i.<\/span><\/p>\n<p style=\"text-align: justify\"><span style=\"font-size: 14pt;font-family: tahoma, arial, helvetica, sans-serif\">\u00a0Chi\u1ec1u ng\u00e0y 10-4-1948, m\u1ed9t nh\u00f3m \u0111\u00f4ng nh\u1eefng ng\u01b0\u1eddi c\u1ea5p ti\u1ebfn x\u00fac ph\u1ea1m th\u00e1nh \u0111\u01b0\u1eddng v\u00e0 tu vi\u1ec7n c\u1ee7a c\u00e1c n\u1eef tu, \u0111\u00e1m \u0111\u00f4ng b\u1eaft \u0111\u1ea7u la \u00f3, \u0111\u00f2i ph\u1ea3i giao n\u1ed9p cho h\u1ecd c\u00e1c v\u00f5 kh\u00ed gi\u1ea5u k\u00edn. C\u00e1c n\u1eef tu ch\u1ea1y tr\u1ed1n h\u1ebft. V\u00e0 khi h\u1ecd ki\u1ec3m so\u00e1t kh\u00f4ng th\u1ea5y v\u00f5 kh\u00ed n\u00e0o, h\u1ecd b\u1eaft gi\u1eef cha Pedro v\u00e0 \u0111i\u1ec7u ra qu\u1ea3ng tr\u01b0\u1eddng trung \u01b0\u01a1ng. \u0110\u00e1m \u0111\u00f4ng h\u00e0nh hung, v\u00e0 m\u1ed9t k\u1ebb l\u1ea5y dao r\u1ef1a ch\u00e9m cha ch\u1ebft. L\u00fac \u0111\u00f3 cha \u0111\u01b0\u1ee3c 68 tu\u1ed5i. Thi h\u00e0i cha Pedro b\u1ecb \u0111\u1ec3 l\u1ea1i qu\u1ea3ng tr\u01b0\u1eddng v\u00e0i ti\u1ebfng \u0111\u1ed3ng h\u1ed3 v\u00e0 ch\u1ec9 \u0111\u1ebfn n\u1eeda \u0111\u00eam, x\u00e1c cha m\u1edbi b\u1ecb k\u00e9o t\u1edbi c\u1ed5ng ngh\u0129a trang, r\u1ed3i sau \u0111\u00f3 \u0111\u01b0\u1ee3c ch\u00f4n trong m\u1ed9t huy\u1ec7t m\u1ed9, kh\u00f4ng c\u00f3 \u00e1o ch\u00f9ng th\u00e2m, v\u00e0 ngo\u00e0i ra h\u1ecd c\u1ea5m kh\u00f4ng \u0111\u01b0\u1ee3c c\u1eed h\u00e0nh l\u1ec5 nghi t\u00f4n gi\u00e1o n\u00e0o. Khi m\u1ed9t s\u1ed1 quan ch\u1ee9c ch\u00ednh quy\u1ec1n t\u1eeb th\u1ee7 \u0111\u00f4 Bogot\u00e0 \u0111\u1ebfn, l\u00fac \u0111\u00f3 \u0111\u00e3 l\u00e0 ng\u00e0y 21-4-2017, ng\u01b0\u1eddi ta m\u1edbi cho ph\u00e9p gi\u1ea3o nghi\u1ec7m thi h\u00e0i v\u00e0 an t\u00e1ng cha theo nghi th\u1ee9c C\u00f4ng Gi\u00e1o. G\u1ea7n m\u1ed9t th\u00e1ng sau, th\u00e2n nh\u00e2n m\u1edbi c\u00f3 th\u1ec3 \u0111\u01b0a quan t\u00e0i cha v\u1ec1 ngh\u0129a trang La Plata, qu\u00ea h\u01b0\u01a1ng c\u1ee7a cha, v\u00e0 t\u1eeb \u0111\u00f3 m\u1ed9 c\u1ee7a cha Pedro tr\u1edf th\u00e0nh n\u01a1i h\u00e0nh h\u01b0\u01a1ng.<\/span><\/p>\n<p style=\"text-align: justify\"><span style=\"font-size: 14pt;font-family: tahoma, arial, helvetica, sans-serif\">\u00a0\u00cdt l\u00e2u tr\u01b0\u1edbc \u0111\u00f3, cha \u0111\u00e3 vi\u1ebft ch\u00fac th\u01b0 tinh th\u1ea7n, trong \u0111\u00f3 cha b\u00e0y t\u1ecf \u01b0\u1edbc mu\u1ed1n \u0111\u1ed5 m\u00e1u m\u00ecnh cho d\u00e2n th\u00e0nh Armero.<\/span><\/p>\n<p style=\"text-align: justify\"><span style=\"font-size: 14pt;font-family: tahoma, arial, helvetica, sans-serif\">\u00a0Cha Pedro b\u1ecb nh\u00f3m \u1ee7ng h\u1ed9 \u0111\u1ea3ng c\u1ea5p ti\u1ebfn coi l\u00e0 \u201dm\u1ed9t ng\u01b0\u1eddi b\u1ea3o th\u1ee7 cu\u1ed3ng t\u00edn v\u00e0 nguy hi\u1ec3m\u201d. Th\u1eadm ch\u00ed 37 n\u0103m sau, cha c\u00f2n b\u1ecb c\u00e1o bu\u1ed9c l\u00e0 \u0111\u00e3 g\u00e2y ra v\u1ee5 l\u1edf tuy\u1ebft th\u00ea th\u1ea3m ng\u00e0y 13-11 n\u0103m 1985 l\u00e0m cho 20 ng\u00e0n ng\u01b0\u1eddi ch\u1ebft, v\u00ec \u0111\u00e3 nguy\u1ec1n r\u1ee7a \u0111\u1ea5t n\u01b0\u1edbc tr\u01b0\u1edbc khi ch\u1ebft.<\/span><\/p>\n<p style=\"text-align: justify\"><span style=\"font-size: 14pt;font-family: tahoma, arial, helvetica, sans-serif\">\u00a0\u0110TC \u0111\u00e3 \u0111\u1ecdc c\u00f4ng th\u1ee9c cho ph\u00e9p t\u00f4n k\u00ednh hai v\u1ecb T\u00f4i T\u1edb Ch\u00faa: \u0110\u1ee9c Cha Jaramillo Monsalve v\u00e0 Cha Pedro Maria Ram\u00edrez Ramos nh\u01b0 ch\u00e2n ph\u01b0\u1edbc, theo c\u00e1c qui lu\u1eadt c\u1ee7a Gi\u00e1o H\u1ed9i. Hai b\u1ee9c ch\u00e2n dung c\u1ee7a hai ch\u00e2n ph\u01b0\u1edbc m\u1edbi \u0111\u01b0\u1ee3c v\u00e9n m\u00e0n, trong khi th\u00e1nh t\u00edch c\u1ee7a hai v\u1ecb \u0111\u01b0\u1ee3c r\u01b0\u1edbc l\u00ean \u0111\u1eb7t c\u1ea1nh b\u00e0n th\u1edd.<\/span><\/p>\n<p style=\"text-align: center\"><img loading=\"lazy\" decoding=\"async\" class=\"aligncenter wp-image-36953 size-full\" src=\"https:\/\/longchuathuongxot.vn\/v2\/wp-content\/uploads\/2017\/09\/9-9-2017-8-41-22-PM.jpg\" alt=\"9-9-2017 8-41-22 PM\" width=\"640\" height=\"335\" srcset=\"https:\/\/longchuathuongxot.vn\/v2\/wp-content\/uploads\/2017\/09\/9-9-2017-8-41-22-PM.jpg 640w, https:\/\/longchuathuongxot.vn\/v2\/wp-content\/uploads\/2017\/09\/9-9-2017-8-41-22-PM-300x157.jpg 300w\" sizes=\"auto, (max-width: 640px) 100vw, 640px\" \/><\/p>\n<p style=\"text-align: justify\"><span style=\"font-size: 14pt;font-family: tahoma, arial, helvetica, sans-serif\"><strong>B\u00e0i gi\u1ea3ng c\u1ee7a \u0110TC<\/strong><\/span><\/p>\n<p style=\"text-align: justify\"><span style=\"font-size: 14pt;font-family: tahoma, arial, helvetica, sans-serif\">\u00a0Trong b\u00e0i gi\u1ea3ng Th\u00e1nh L\u1ec5, \u0110TC \u0111\u00e3 m\u1ea1nh m\u1ebd m\u1eddi g\u1ecdi to\u00e0n d\u00e2n\u00a0<a href=\"http:\/\/vi.radiovaticana.va\/news\/2017\/09\/09\/%C4%91%E1%BB%A9c_th%C3%A1nh_cha_t%C3%B4n_phong_2_ch%C3%A2n_ph%C6%B0%E1%BB%9Bc_t%E1%BB%AD_%C4%91%E1%BA%A1o_colombia\/1335662#\">Colombia<\/a>\u00a0th\u1ef1c thi s\u1ef1 h\u00f2a gi\u1ea3i v\u00e0 tha th\u1ee9.<\/span><\/p>\n<p style=\"text-align: justify\"><span style=\"font-size: 14pt;font-family: tahoma, arial, helvetica, sans-serif\">\u00a0Tr\u01b0\u1edbc ti\u00ean, ng\u00e0i nh\u1eafc \u0111\u1ebfn l\u1ec5 sinh nh\u1eadt \u0110\u1ee9c M\u1eb9. M\u1eb9 Maria l\u00e0 \u00e1nh quang \u0111\u1ea7u ti\u00ean loan b\u00e1o \u0111\u00eam ch\u1ea5m d\u1ee9t, nh\u1ea5t l\u00e0 ng\u00e0y \u0111ang \u0111\u1ebfn g\u1ea7n. Vi\u1ec7c M\u1eb9 sinh ra l\u00e0m cho ch\u00fang ta tr\u1ef1c gi\u00e1c s\u00e1ng ki\u1ebfn y\u00eau th\u01b0\u01a1ng, d\u1ecbu d\u00e0ng, th\u01b0\u01a1ng x\u00f3t c\u1ee7a t\u00ecnh y\u00eau qua \u0111\u00f3 Thi\u00ean Ch\u00faa c\u00fai m\u00ecnh tr\u00ean ch\u00fang ta v\u00e0 m\u1eddi g\u1ecdi ch\u00fang ta \u0111i v\u00e0o m\u1ed9t giao \u01b0\u1edbc tuy\u1ec7t v\u1eddi v\u1edbi Ch\u00faa m\u00e0 kh\u00f4ng \u0111i\u1ec1u g\u00ec v\u00e0 kh\u00f4ng ai c\u00f3 th\u1ec3 ph\u00e1 v\u1ee1.<\/span><\/p>\n<p style=\"text-align: justify\"><span style=\"font-size: 14pt;font-family: tahoma, arial, helvetica, sans-serif\">\u00a0\u0110\u1ec1 c\u1eadp \u0111\u1ebfn b\u00e0i Tin M\u1eebng, v\u1edbi th\u00e1nh Giuse toan t\u00ednh \u00e2m th\u1ea7m b\u1ecf v\u1ecb h\u00f4n th\u00ea Maria c\u1ee7a m\u00ecnh khi kh\u00e1m ph\u00e1 M\u1eb9 c\u00f3 thai, \u0110TC nh\u1eadn x\u00e9t r\u1eb1ng: T\u00e2m h\u1ed3n cao th\u01b0\u1ee3ng c\u1ee7a th\u00e1nh Giuse \u0111\u00e3 khi\u1ebfn cho th\u00e1nh nh\u00e2n \u0111\u1eb7t \u0111i\u1ec1u m\u00e0 Ng\u01b0\u1eddi \u0111\u00e3 h\u1ecdc \u0111\u01b0\u1ee3c qua l\u1ec1 lu\u1eadt ph\u1ea3i t\u00f9ng ph\u1ee5c \u0111\u1ee9c b\u00e1c \u00e1i; v\u00e0 ng\u00e0y h\u00f4m nay, tr\u00ean th\u1ebf gi\u1edbi n\u00e0y, trong \u0111\u00f3 b\u1ea1o l\u1ef1c t\u00e2m l\u00fd, l\u1eddi n\u00f3i v\u00e0 th\u1ec3 l\u00fd \u0111\u1ed1i v\u1edbi ph\u1ee5 n\u1eef th\u1ef1c l\u00e0 \u0111i\u1ec1u hi\u1ec3n nhi\u00ean, th\u00e1nh Giuse xu\u1ea5t hi\u1ec7n nh\u01b0 h\u00ecnh \u1ea3nh c\u1ee7a ng\u01b0\u1eddi nam bi\u1ebft t\u00f4n tr\u1ecdng v\u00e0 t\u1ebf nh\u1ecb, tuy kh\u00f4ng c\u00f3 \u0111\u1ee7 m\u1ecdi th\u00f4ng tin, nh\u01b0ng v\u1eabn quy\u1ebft \u0111\u1ecbnh b\u1ea3o v\u1ec7 thanh danh, ph\u1ea9m gi\u00e1 v\u00e0 m\u1ea1ng s\u1ed1ng c\u1ee7a M\u1eb9 Maria. Trong s\u1ef1 nghi ng\u1edd c\u1ee7a th\u00e1nh Giuse kh\u00f4ng bi\u1ebft h\u00e0nh \u0111\u1ed9ng c\u00e1ch n\u00e0o cho t\u1ed1t \u0111\u1eb9p h\u01a1n, Ch\u00faa \u0111\u00e3 gi\u00fap \u0111\u1ee1 Ng\u01b0\u1eddi ch\u1ecdn l\u1ef1a ph\u00e1n \u0111o\u00e1n c\u1ee7a Ch\u00faa b\u1eb1ng c\u00e1ch soi s\u00e1ng cho th\u00e1nh nh\u00e2n.<\/span><\/p>\n<p style=\"text-align: justify\"><span style=\"font-size: 14pt;font-family: tahoma, arial, helvetica, sans-serif\">\u00a0T\u1eeb nh\u1eefng \u0111i\u1ec1u tr\u00ean \u0111\u00e2y, \u0110TC \u00e1p d\u1ee5ng v\u00e0o ho\u00e0n c\u1ea3nh c\u1ee7a\u00a0<a href=\"http:\/\/vi.radiovaticana.va\/news\/2017\/09\/09\/%C4%91%E1%BB%A9c_th%C3%A1nh_cha_t%C3%B4n_phong_2_ch%C3%A2n_ph%C6%B0%E1%BB%9Bc_t%E1%BB%AD_%C4%91%E1%BA%A1o_colombia\/1335662#\">Colombia<\/a>, m\u1ed9t qu\u1ed1c gia \u0111ang c\u1ea7n s\u1ef1 h\u00f2a gi\u1ea3i h\u01a1n bao gi\u1edd h\u1ebft, m\u1ed9t d\u00e2n t\u1ed9c \u0111\u1ea7y nh\u1eefng chuy\u1ec7n y\u00eau th\u01b0\u01a1ng v\u00e0 \u00e1nh s\u00e1ng, nh\u01b0ng c\u0169ng c\u00f3 nh\u1eefng \u0111\u1ee5ng \u0111\u1ed9, x\u00fac ph\u1ea1m, v\u00e0 c\u1ea3 ch\u1ebft ch\u00f3c, nh\u01b0ng \u00e1nh s\u00e1ng c\u1ee7a Tin M\u1eebng c\u00f3 th\u1ec3 l\u00e0m \u0111\u1ea7y nh\u1eefng l\u1ecbch s\u1eed t\u1ed9i l\u1ed7i, b\u1ea1o l\u1ef1c v\u00e0 xung \u0111\u1ed9t c\u1ee7a ch\u00fang ta. \u0110TC n\u00f3i:<\/span><\/p>\n<p style=\"text-align: justify\"><span style=\"font-size: 14pt;font-family: tahoma, arial, helvetica, sans-serif\">\u00a0\u201dH\u00f2a gi\u1ea3i kh\u00f4ng ph\u1ea3i l\u00e0 m\u1ed9t l\u1eddi tr\u1eebu t\u01b0\u1ee3ng; n\u1ebfu kh\u00f4ng th\u00ec n\u00f3 kh\u00f4ng mang l\u1ea1i th\u00e0nh qu\u1ea3 n\u00e0o, v\u00e0 ch\u1ec9 g\u00e2y ra s\u1ef1 xa c\u00e1ch. H\u00f2a gi\u1ea3i l\u00e0 m\u1edf ra m\u1ed9t c\u00e1nh c\u1eeda cho t\u1ea5t c\u1ea3 v\u00e0 t\u1eebng ng\u01b0\u1eddi \u0111\u00e3 s\u1ed1ng th\u1ea3m tr\u1ea1ng xung \u0111\u1ed9t. Bao nhi\u00eau n\u1ea1n nh\u00e2n \u0111\u00e3 th\u1eafng \u0111\u01b0\u1ee3c c\u00e1m d\u1ed7 d\u1ec5 hi\u1ec3u l\u00e0 mu\u1ed1n b\u00e1o th\u00f9, b\u1eb1ng c\u00e1ch tr\u1edf th\u00e0nh nh\u1eefng ng\u01b0\u1eddi n\u1eafm gi\u1eef vai ch\u00ednh, \u0111\u00e1ng tin c\u1eady h\u01a1n, trong ti\u1ebfn tr\u00ecnh x\u00e2y d\u1ef1ng h\u00f2a b\u00ecnh. C\u1ea7n c\u00f3 nh\u1eefng ng\u01b0\u1eddi can \u0111\u1ea3m \u0111i b\u01b0\u1edbc \u0111\u1ea7u trong chi\u1ec1u h\u01b0\u1edbng \u1ea5y, kh\u00f4ng \u0111\u1ee3i ng\u01b0\u1eddi kh\u00e1c l\u00e0m tr\u01b0\u1edbc. Ch\u1ec9 c\u1ea7n m\u1ed9t ng\u01b0\u1eddi t\u1ed1t \u0111\u1ec3 c\u00f3 hy v\u1ecdng! M\u1ed7i ng\u01b0\u1eddi trong ch\u00fang ta c\u00f3 th\u1ec3 l\u00e0 ng\u01b0\u1eddi \u1ea5y! \u0110i\u1ec1u n\u00e0y kh\u00f4ng c\u00f3 ngh\u0129a l\u00e0 kh\u00f4ng nh\u00ecn nh\u1eadn ho\u1eb7c che \u0111\u1eady nh\u1eefng kh\u00e1c bi\u1ec7t v\u00e0 xung \u0111\u1ed9t. \u0110\u00f3 kh\u00f4ng ph\u1ea3i l\u00e0 h\u1ee3p th\u1ee9c h\u00f3a nh\u1eefng b\u1ea5t c\u00f4ng c\u00e1 nh\u00e2n ho\u1eb7c c\u01a1 c\u1ea5u. Vi\u1ec7c n\u1ea1i \u0111\u1ebfn h\u00f2a gi\u1ea3i kh\u00f4ng th\u1ec3 d\u00f9ng \u0111\u1ec3 th\u00edch \u1ee9ng v\u1edbi nh\u1eefng ho\u00e0n c\u1ea3nh b\u1ea5t c\u00f4ng. \u0110\u00fang h\u01a1n, nh\u01b0 th\u00e1nh Gioan Phaol\u00f4 2 \u0111\u00e3 d\u1ea1y, \u201d\u0111\u00f3 l\u00e0 m\u1ed9t cu\u1ed9c g\u1eb7p g\u1ee1 gi\u1eefa nh\u1eefng ng\u1eeb\u01a1i anh em s\u1eb5n s\u00e0ng v\u01b0\u1ee3t th\u1eafng c\u00e1m d\u1ed7 \u00edch k\u1ef7 v\u00e0 t\u1eeb b\u1ecf nh\u1eefng toan t\u00ednh t\u1ef1 thi h\u00e0nh c\u00f4ng l\u00fd; \u0111\u00f3 l\u00e0 th\u00e0nh qu\u1ea3 c\u1ee7a nh\u1eefng t\u00e2m t\u00ecnh m\u1ea1nh m\u1ebd, cao th\u01b0\u1ee3ng v\u00e0 qu\u1ea3ng \u0111\u1ea1i, d\u1eabn t\u1edbi vi\u1ec7c thi\u1ebft l\u1eadp m\u1ed9t s\u1ef1 s\u1ed1ng chung d\u1ef1a tr\u00ean s\u1ef1 t\u00f4n tr\u1ecdng m\u1ed7i ng\u1eddi v\u00e0 nh\u1eefng gi\u00e1 tr\u1ecb ri\u00eang c\u1ee7a m\u1ed7i x\u00e3 h\u1ed9i d\u00e2n s\u1ef1\u201d&#8230;<\/span><\/p>\n<p style=\"text-align: justify\"><span style=\"font-size: 14pt;font-family: tahoma, arial, helvetica, sans-serif\">\u00a0\u0110TC n\u00eau b\u1eadt t\u1ea5m g\u01b0\u01a1ng c\u1ee7a hai v\u1ecb ch\u00e2n ph\u01b0\u1edbc m\u1edbi, \u0110\u1ee9c Cha Jaramillo Monsalva v\u00e0 Cha Pedro Mar\u00eda Ram\u00edrez Ramos t\u1eed \u0111\u1ea1o l\u00e0 d\u1ea5u ch\u1ec9 m\u1ed9t d\u00e2n t\u1ed9c mu\u1ed1n ra kh\u1ecfi v\u0169ng l\u1ea7y b\u1ea1o l\u1ef1c v\u00e0 o\u00e1n h\u1eadn.<\/span><\/p>\n<p style=\"text-align: justify\"><span style=\"font-size: 14pt;font-family: tahoma, arial, helvetica, sans-serif\">\u00a0V\u00e0 ng\u00e0i k\u1ebft lu\u1eadn r\u1eb1ng: M\u1ed7i ng\u01b0\u1eddi trong ch\u00fang ta c\u00f3 ngh\u0129a v\u1ee5 n\u00f3i \u201d\u0111\u1ed3ng \u00fd\u201d v\u1edbi s\u1ef1 h\u00f2a gi\u1ea3i.. M\u1ed7i ng\u01b0\u1eddi trong ch\u00fang ta c\u00f3 ngh\u0129a v\u1ee5 n\u00f3i \u201cxin v\u00e2ng\u201d nh\u01b0 M\u1eb9 Maria v\u00e0 c\u00f9ng M\u1eb9 ch\u00fac t\u1ee5ng nh\u1eefng k\u1ef3 c\u00f4ng c\u1ee7a Ch\u00faa, v\u00ec nh\u01b0 Ch\u00faa \u0111\u00e3 h\u1ee9a v\u1edbi c\u00e1c t\u1ed5 ti\u00ean ch\u00fang ta, Ch\u00faa gi\u00fap t\u1ea5t c\u1ea3 v\u00e0 m\u1ed7i d\u00e2n t\u1ed9c, Ch\u00faa gi\u00fap\u00a0<a href=\"http:\/\/vi.radiovaticana.va\/news\/2017\/09\/09\/%C4%91%E1%BB%A9c_th%C3%A1nh_cha_t%C3%B4n_phong_2_ch%C3%A2n_ph%C6%B0%E1%BB%9Bc_t%E1%BB%AD_%C4%91%E1%BA%A1o_colombia\/1335662#\">Colombia<\/a>\u00a0ng\u00e0y nay \u0111ang mu\u1ed1n h\u00f2a gi\u1ea3i v\u00e0 m\u00e3i m\u00e3i gi\u00fap d\u00f2ng d\u00f5i c\u1ee7a Ng\u00e0i.<\/span><\/p>\n<p style=\"text-align: justify\"><span style=\"font-size: 14pt;font-family: tahoma, arial, helvetica, sans-serif\">\u00a0Cu\u1ed1i th\u00e1nh l\u1ec5, \u0110TC c\u00f2n ch\u00e0o th\u0103m m\u1ed9t nh\u00f3m nh\u1eefng ng\u01b0\u1eddi s\u1ed1ng s\u00f3t sau tr\u1eadn l\u1ee5t th\u1ea3m h\u1ea1i h\u1ed3i th\u00e1ng 4 n\u0103m nay \u1edf Mocoa, mi\u1ec1n t\u00e2y\u00a0<a href=\"http:\/\/vi.radiovaticana.va\/news\/2017\/09\/09\/%C4%91%E1%BB%A9c_th%C3%A1nh_cha_t%C3%B4n_phong_2_ch%C3%A2n_ph%C6%B0%E1%BB%9Bc_t%E1%BB%AD_%C4%91%E1%BA%A1o_colombia\/1335662#\">Colombia<\/a>\u00a0m\u00e0 ng\u00e0i \u0111\u00e3 \u0111\u00f3ng g\u00f3p \u0111\u1ec3 c\u1ee9u tr\u1ee3 c\u00e1c n\u1ea1n nh\u00e2n.<\/span><\/p>\n<p style=\"text-align: right\"><strong><span style=\"font-size: 12pt;font-family: tahoma, arial, helvetica, sans-serif\">G. Tr\u1ea7n \u0110\u1ee9c Anh OP<\/span><\/strong><\/p>\n<p style=\"text-align: right\"><span style=\"font-size: 12pt;font-family: tahoma, arial, helvetica, sans-serif\">Ngu\u1ed3n: http:\/\/vi.radiovaticana.va<\/span><\/p>\n<\/article>\n","protected":false},"excerpt":{"rendered":"<p>VILLAVICENCIO. S\u00e1ng 8-9-2017, tr\u01b0\u1edbc s\u1ef1 hi\u1ec7n di\u1ec7n c\u1ee7a 400 ng\u00e0n t\u00edn h\u1eefu, \u0110TC Phanxic\u00f4 \u0111\u00e3 t\u00f4n phong hai v\u1ecb t\u1eed \u0111\u1ea1o ng\u01b0\u1eddi\u00a0Colombia\u00a0l\u00ean b\u1eadc ch\u00e2n ph\u01b0\u1edbc. \u00a0\u0110\u00f3 l\u00e0 \u0110\u1ee9c Cha Jes\u00fas Emilio Jaramillo Monsalve, b\u1ecb s\u00e1t h\u1ea1i c\u00e1ch \u0111\u00e2y 28 n\u0103m (1989) v\u00e0 cha Pedro Mar\u00eda Ram\u00edrez Ramos, b\u1ecb s\u00e1t h\u1ea1i c\u00e1ch \u0111\u00e2y 69 n\u0103m (1948). &hellip;<\/p>\n","protected":false},"author":2,"featured_media":36954,"comment_status":"closed","ping_status":"open","sticky":false,"template":"","format":"standard","meta":{"footnotes":""},"categories":[19,30],"tags":[8884],"class_list":["post-36952","post","type-post","status-publish","format-standard","has-post-thumbnail","hentry","category-tieu-diem","category-tin-giao-hoi","tag-duc-thanh-cha-ton-phong-2-chan-phuoc-tu-dao-colombia"],"_links":{"self":[{"href":"https:\/\/longchuathuongxot.vn\/v2\/wp-json\/wp\/v2\/posts\/36952","targetHints":{"allow":["GET"]}}],"collection":[{"href":"https:\/\/longchuathuongxot.vn\/v2\/wp-json\/wp\/v2\/posts"}],"about":[{"href":"https:\/\/longchuathuongxot.vn\/v2\/wp-json\/wp\/v2\/types\/post"}],"author":[{"embeddable":true,"href":"https:\/\/longchuathuongxot.vn\/v2\/wp-json\/wp\/v2\/users\/2"}],"replies":[{"embeddable":true,"href":"https:\/\/longchuathuongxot.vn\/v2\/wp-json\/wp\/v2\/comments?post=36952"}],"version-history":[{"count":2,"href":"https:\/\/longchuathuongxot.vn\/v2\/wp-json\/wp\/v2\/posts\/36952\/revisions"}],"predecessor-version":[{"id":36956,"href":"https:\/\/longchuathuongxot.vn\/v2\/wp-json\/wp\/v2\/posts\/36952\/revisions\/36956"}],"wp:featuredmedia":[{"embeddable":true,"href":"https:\/\/longchuathuongxot.vn\/v2\/wp-json\/wp\/v2\/media\/36954"}],"wp:attachment":[{"href":"https:\/\/longchuathuongxot.vn\/v2\/wp-json\/wp\/v2\/media?parent=36952"}],"wp:term":[{"taxonomy":"category","embeddable":true,"href":"https:\/\/longchuathuongxot.vn\/v2\/wp-json\/wp\/v2\/categories?post=36952"},{"taxonomy":"post_tag","embeddable":true,"href":"https:\/\/longchuathuongxot.vn\/v2\/wp-json\/wp\/v2\/tags?post=36952"}],"curies":[{"name":"wp","href":"https:\/\/api.w.org\/{rel}","templated":true}]}}